{"id":2512,"date":"2018-08-17T17:12:45","date_gmt":"2018-08-17T16:12:45","guid":{"rendered":"http:\/\/ottoschaefer.de\/birds_and_nature\/?p=2512"},"modified":"2026-02-03T13:29:40","modified_gmt":"2026-02-03T12:29:40","slug":"auf-baerenjagd-in-slowenien","status":"publish","type":"post","link":"https:\/\/ottoschaefer.de\/birds_and_nature\/auf-baerenjagd-in-slowenien\/","title":{"rendered":"Auf &#8222;B\u00e4renjagd&#8220; in Slowenien im Mai 2018"},"content":{"rendered":"<p>Nat\u00fcrlich habe ich nicht wirklich gejagt und einen B\u00e4ren erlegt. Und es gibt in Slowenien auch keine &#8222;Problemb\u00e4ren&#8220; wie vor etlichen Jahren bei uns in Bayern, was irgendwann zu einer politischen Posse mutierte. Trotz einer stabilen Population von ca. 700 B\u00e4ren gibt es in Slowenien bis dato keine Probleme mit ihnen, zumal sie recht scheu sind und den Kontakt zu Menschen eher meiden.<\/p>\n<p>So mussten wir uns untertags in Beobachtungsh\u00fctten einquartieren, die alle von dem Slowenen Miha Mlakar gebaut und betrieben werden. Er ist ein echter Spezialist auf diesem Gebiet und auf seiner Webseite <a href=\"https:\/\/slovenianbears.com\/\">slowenianbears.com<\/a> gibt es zahlreiche Bilder und Videos. Da an allen Beobachtungspl\u00e4tzen ferngesteuerte Wildkameras installiert sind, ist gut abzusch\u00e4tzen wo aktuell sich B\u00e4ren aufhalten. Und die Wahrscheinlichkeit gute Bilder zu machen ist relativ hoch.<\/p>\n<p>Neben den B\u00e4ren gibt es in der Region wo ich war, im s\u00fcdlichen Teil der Gemeinde Cerknica bei Markovec, noch viel mehr zu sehen, sch\u00f6ne urspr\u00fcngliche, nicht zu intensiv bewirtschaftete Landschaften, Karsth\u00f6hlen u.v.m. Leider fehlte dazu die Zeit, aber vielleicht komme ich wieder mal in die Gegend.&nbsp; Bilder von den B\u00e4ren, und anderen Tieren, die ich &#8222;erlegt&#8220; habe gibt es in dieser <a href=\"https:\/\/ottoschaefer.de\/birds_and_nature\/slowenien\/\">Bildergalerie<\/a>.<\/p>\n<p><img loading=\"lazy\" decoding=\"async\" class=\"alignright size-large wp-image-2511\" src=\"https:\/\/ottoschaefer.de\/birds_and_nature\/wp-content\/uploads\/2018\/08\/karte-1024x785.png\" alt=\"\" width=\"1024\" height=\"785\" srcset=\"https:\/\/ottoschaefer.de\/birds_and_nature\/wp-content\/uploads\/2018\/08\/karte-1024x785.png 1024w, https:\/\/ottoschaefer.de\/birds_and_nature\/wp-content\/uploads\/2018\/08\/karte-300x230.png 300w, https:\/\/ottoschaefer.de\/birds_and_nature\/wp-content\/uploads\/2018\/08\/karte-768x589.png 768w\" sizes=\"auto, (max-width: 1024px) 100vw, 1024px\" \/><\/p>\n","protected":false},"excerpt":{"rendered":"<p>Nat\u00fcrlich habe ich nicht wirklich gejagt und einen B\u00e4ren erlegt. Und es gibt in Slowenien auch keine &#8222;Problemb\u00e4ren&#8220; wie vor etlichen Jahren bei uns in Bayern, was irgendwann zu einer politischen Posse mutierte. Trotz einer stabilen Population von ca. 700 B\u00e4ren gibt es in Slowenien bis dato keine Probleme mit ihnen, zumal sie recht scheu [&hellip;]<\/p>\n","protected":false},"author":1,"featured_media":0,"comment_status":"closed","ping_status":"closed","sticky":false,"template":"","format":"standard","meta":{"ngg_post_thumbnail":0,"footnotes":""},"categories":[1],"tags":[175,176,174],"class_list":["post-2512","post","type-post","status-publish","format-standard","hentry","category-allgemein","tag-baeren","tag-braunbaeren","tag-slowenien","entry"],"_links":{"self":[{"href":"https:\/\/ottoschaefer.de\/birds_and_nature\/wp-json\/wp\/v2\/posts\/2512","targetHints":{"allow":["GET"]}}],"collection":[{"href":"https:\/\/ottoschaefer.de\/birds_and_nature\/wp-json\/wp\/v2\/posts"}],"about":[{"href":"https:\/\/ottoschaefer.de\/birds_and_nature\/wp-json\/wp\/v2\/types\/post"}],"author":[{"embeddable":true,"href":"https:\/\/ottoschaefer.de\/birds_and_nature\/wp-json\/wp\/v2\/users\/1"}],"replies":[{"embeddable":true,"href":"https:\/\/ottoschaefer.de\/birds_and_nature\/wp-json\/wp\/v2\/comments?post=2512"}],"version-history":[{"count":9,"href":"https:\/\/ottoschaefer.de\/birds_and_nature\/wp-json\/wp\/v2\/posts\/2512\/revisions"}],"predecessor-version":[{"id":3643,"href":"https:\/\/ottoschaefer.de\/birds_and_nature\/wp-json\/wp\/v2\/posts\/2512\/revisions\/3643"}],"wp:attachment":[{"href":"https:\/\/ottoschaefer.de\/birds_and_nature\/wp-json\/wp\/v2\/media?parent=2512"}],"wp:term":[{"taxonomy":"category","embeddable":true,"href":"https:\/\/ottoschaefer.de\/birds_and_nature\/wp-json\/wp\/v2\/categories?post=2512"},{"taxonomy":"post_tag","embeddable":true,"href":"https:\/\/ottoschaefer.de\/birds_and_nature\/wp-json\/wp\/v2\/tags?post=2512"}],"curies":[{"name":"wp","href":"https:\/\/api.w.org\/{rel}","templated":true}]}}